{"id":975,"date":"2018-09-26T23:16:25","date_gmt":"2018-09-27T02:16:25","guid":{"rendered":"https:\/\/autoescolaveneza.com\/?p=975"},"modified":"2019-05-29T23:22:07","modified_gmt":"2019-05-30T02:22:07","slug":"faixa-exclusiva-para-onibus-em-ribeirao-preto","status":"publish","type":"post","link":"https:\/\/autoescolaveneza.com\/index.php\/2018\/09\/26\/faixa-exclusiva-para-onibus-em-ribeirao-preto\/","title":{"rendered":"Faixa exclusiva para \u00f4nibus em Ribeir\u00e3o Preto"},"content":{"rendered":"<h1>Faixa exclusiva de \u00f4nibus no centro de Ribeir\u00e3o Preto<\/h1>\n<p style=\"text-align: center;\">Autoescola Veneza\u00a0 \/\/\/\u00a0 26 de setembro de 2018\u00a0 \/\/\/\u00a0 23:40<\/p>\n<h1>Evite ser multado. Fique atento com a nova faixa exclusiva de \u00f4nibus em Ribeir\u00e3o Preto<\/h1>\n<p>O motorista em Ribeir\u00e3o Preto est\u00e1 se deparando com mudan\u00e7as no tr\u00e2nsito na regi\u00e3o central da cidade. Foi implantada uma faixa exclusiva para \u00f4nibus na <strong>Rua Am\u00e9rico Brasiliense<\/strong>, entre as ruas <strong>Jose Bonif\u00e1cio<\/strong> e a <strong>Visconde de Inha\u00fama<\/strong>.<img decoding=\"async\" src=\"https:\/\/autoescolaveneza.com\/wp-content\/uploads\/2018\/09\/faixa1-300x139.jpg\" alt=\"\" width=\"300\" height=\"139\" \/><\/p>\n<p>A faixa, localizada do lado direito da rua, que antes era somente uma faixa preferencial, agora passou a ser faixa EXCLUSIVA de \u00f4nibus, e todo motorista transitar por essa faixa estar\u00e1 sujeito a multa.<\/p>\n<p>A multa por transitar em faixa exclusiva de \u00f4nibus \u00e9 infra\u00e7\u00e3o contra o inciso III do artigo 184 do C\u00f3digo de Tr\u00e2nsito Brasileiro, que tem a seguinte reda\u00e7\u00e3o:<\/p>\n<p><em>&#8220;Transitar com ve\u00edculo:<\/em><\/p>\n<p><em>(\u2026)<\/em><\/p>\n<p><em>III \u2013 na faixa ou via de tr\u00e2nsito exclusivo, regulamentada com circula\u00e7\u00e3o destinada aos ve\u00edculos de transporte p\u00fablico coletivo de passageiros, salvo nos casos de for\u00e7a maior e com autoriza\u00e7\u00e3o do poder publico competente:<\/em><\/p>\n<p><em>Infra\u00e7\u00e3o \u2013 grav\u00edssima;<\/em><\/p>\n<p><em>Penalidade \u2013 multa e apreens\u00e3o do ve\u00edculo;<\/em><\/p>\n<p><em>Medida Administrativa \u2013 remo\u00e7\u00e3o do ve\u00edculo.&#8221;<\/em><\/p>\n<p>Ou seja, a multa por transitar na faixa exclusiva de \u00f4nibus \u00e9 de R$ 293,47, e ocasiona a perca de 7 pontos no prontu\u00e1rio da Carteira Nacional de Habilita\u00e7\u00e3o (CNH).<img decoding=\"async\" src=\"https:\/\/autoescolaveneza.com\/wp-content\/uploads\/2018\/09\/faixa-300x142.jpg\" alt=\"\" width=\"300\" height=\"142\" \/><\/p>\n<p>A Transerp, empresa que gerencia o tr\u00e2nsito e o transporte p\u00fablico em Ribeir\u00e3o Preto, afirmou atrav\u00e9s de comunicado, que at\u00e9 o dia 12 de outubro, ir\u00e1 orientar os motoristas e comerciantes para que haja adequa\u00e7\u00e3o as novas exig\u00eancias.<\/p>\n<p>A partir dessa data os motoristas que desobedecerem a sinaliza\u00e7\u00e3o ser\u00e3o multados.<\/p>\n<p>Os motoristas s\u00f3 poder\u00e3o utilizar a faixa da direita para realizar convers\u00e3o ou acessar estabelecimentos comerciais ou residenciais.<\/p>\n<p>Na faixa da esquerda, ao longo desse trecho, ser\u00e1 proibida a parada e o estacionamento de ve\u00edculos, estando sujeito a multa o descumprimento.<\/p>\n<p>Ainda de acordo com a Transerp, existem 30 linhas de \u00f4nibus que circulam atualmente pela rua Am\u00e9rico Brasiliense, ap\u00f3s a inaugura\u00e7\u00e3o de tr\u00eas terminais urbanos, na Pra\u00e7a das Bandeiras.<\/p>\n<p>S\u00e3o cerca de 80 \u00f4nibus por hora e aproximadamente 17 mil passageiros por dia.<\/p>\n<p>O objetivo da faixa exclusiva, segundo a Transerp, \u00e9 garantir o bom andamento do tr\u00e2nsito, bem como um menor tempo de viagem no transporte coletivo e a pontualidade do servi\u00e7o.<\/p>\n<p>As demais faixas de \u00f4nibus existentes na cidade n\u00e3o sofreram altera\u00e7\u00e3o, ou seja, continuam como faixas onde o tr\u00e2nsito por \u00f4nibus \u00e9 preferencial.<\/p>\n<p><img decoding=\"async\" src=\"https:\/\/autoescolaveneza.com\/wp-content\/uploads\/2018\/09\/faixa-exclusiva.png\" alt=\"\" width=\"225\" height=\"225\" \/>Todas as altera\u00e7\u00f5es j\u00e1 est\u00e3o com a sinaliza\u00e7\u00e3o no ch\u00e3o e sinaliza\u00e7\u00f5es laterais alteradas.<\/p>\n<p>Fique atento as mudan\u00e7as. Evite as multas de tr\u00e2nsito.<\/p>\n<p>Confira os outros artigos do nosso blog. <a style=\"color: #0000ff;\" href=\"https:\/\/autoescolaveneza.com\/index.php\/blog\/\">Clique aqui<\/a> e fique informado!<\/p>\n<p style=\"text-align: center;\">\n","protected":false},"excerpt":{"rendered":"<p>Fique atento e evite multas com a faixa exclusiva de \u00f4nibus no centro de Ribeir\u00e3o Preto.<\/p>\n","protected":false},"author":1,"featured_media":978,"comment_status":"open","ping_status":"open","sticky":false,"template":"","format":"standard","meta":{"footnotes":""},"categories":[7],"tags":[],"class_list":["post-975","post","type-post","status-publish","format-standard","has-post-thumbnail","hentry","category-noticias"],"yoast_head":"<!-- This site is optimized with the Yoast SEO plugin v27.5 - https:\/\/yoast.com\/product\/yoast-seo-wordpress\/ -->\n<title>Faixa exclusiva para \u00f4nibus em Ribeir\u00e3o Preto - Autoescola Veneza em Ribeir\u00e3o Preto - SP<\/title>\n<meta name=\"description\" content=\"Saiba mais sobre a faixa exclusiva para \u00f4nibus em Ribeir\u00e3o Preto, na Rua Amercio Brasiliense, entre a Rua Jos\u00e9 Bonifacio e Rua Visconde de Inhauma.\" \/>\n<meta name=\"robots\" content=\"index, follow, max-snippet:-1, max-image-preview:large, max-video-preview:-1\" \/>\n<link rel=\"canonical\" href=\"https:\/\/autoescolaveneza.com\/index.php\/2018\/09\/26\/faixa-exclusiva-para-onibus-em-ribeirao-preto\/\" \/>\n<meta property=\"og:locale\" content=\"pt_BR\" \/>\n<meta property=\"og:type\" content=\"article\" \/>\n<meta property=\"og:title\" content=\"Faixa exclusiva para \u00f4nibus em Ribeir\u00e3o Preto - Autoescola Veneza em Ribeir\u00e3o Preto - SP\" \/>\n<meta property=\"og:description\" content=\"Saiba mais sobre a faixa exclusiva para \u00f4nibus em Ribeir\u00e3o Preto, na Rua Amercio Brasiliense, entre a Rua Jos\u00e9 Bonifacio e Rua Visconde de Inhauma.\" \/>\n<meta property=\"og:url\" content=\"https:\/\/autoescolaveneza.com\/index.php\/2018\/09\/26\/faixa-exclusiva-para-onibus-em-ribeirao-preto\/\" \/>\n<meta property=\"og:site_name\" content=\"Autoescola Veneza em Ribeir\u00e3o Preto - SP\" \/>\n<meta property=\"article:publisher\" content=\"https:\/\/www.facebook.com\/Autoescolaedespachanteveneza\/\" \/>\n<meta property=\"article:published_time\" content=\"2018-09-27T02:16:25+00:00\" \/>\n<meta property=\"article:modified_time\" content=\"2019-05-30T02:22:07+00:00\" \/>\n<meta property=\"og:image\" content=\"https:\/\/autoescolaveneza.com\/wp-content\/uploads\/2018\/09\/Faixa-exclusiva.jpg\" \/>\n\t<meta property=\"og:image:width\" content=\"310\" \/>\n\t<meta property=\"og:image:height\" content=\"200\" \/>\n\t<meta property=\"og:image:type\" content=\"image\/jpeg\" \/>\n<meta name=\"author\" content=\"ivan.silva7\" \/>\n<meta name=\"twitter:card\" content=\"summary_large_image\" \/>\n<meta name=\"twitter:label1\" content=\"Escrito por\" \/>\n\t<meta name=\"twitter:data1\" content=\"ivan.silva7\" \/>\n\t<meta name=\"twitter:label2\" content=\"Est. tempo de leitura\" \/>\n\t<meta name=\"twitter:data2\" content=\"2 minutos\" \/>\n<script type=\"application\/ld+json\" class=\"yoast-schema-graph\">{\"@context\":\"https:\\\/\\\/schema.org\",\"@graph\":[{\"@type\":\"Article\",\"@id\":\"https:\\\/\\\/autoescolaveneza.com\\\/index.php\\\/2018\\\/09\\\/26\\\/faixa-exclusiva-para-onibus-em-ribeirao-preto\\\/#article\",\"isPartOf\":{\"@id\":\"https:\\\/\\\/autoescolaveneza.com\\\/index.php\\\/2018\\\/09\\\/26\\\/faixa-exclusiva-para-onibus-em-ribeirao-preto\\\/\"},\"author\":{\"name\":\"ivan.silva7\",\"@id\":\"https:\\\/\\\/autoescolaveneza.com\\\/#\\\/schema\\\/person\\\/86b914d7104a48bc85c1b484d222b1a1\"},\"headline\":\"Faixa exclusiva para \u00f4nibus em Ribeir\u00e3o Preto\",\"datePublished\":\"2018-09-27T02:16:25+00:00\",\"dateModified\":\"2019-05-30T02:22:07+00:00\",\"mainEntityOfPage\":{\"@id\":\"https:\\\/\\\/autoescolaveneza.com\\\/index.php\\\/2018\\\/09\\\/26\\\/faixa-exclusiva-para-onibus-em-ribeirao-preto\\\/\"},\"wordCount\":484,\"commentCount\":0,\"publisher\":{\"@id\":\"https:\\\/\\\/autoescolaveneza.com\\\/#organization\"},\"image\":{\"@id\":\"https:\\\/\\\/autoescolaveneza.com\\\/index.php\\\/2018\\\/09\\\/26\\\/faixa-exclusiva-para-onibus-em-ribeirao-preto\\\/#primaryimage\"},\"thumbnailUrl\":\"https:\\\/\\\/autoescolaveneza.com\\\/wp-content\\\/uploads\\\/2018\\\/09\\\/Faixa-exclusiva.jpg\",\"articleSection\":[\"Noticias\"],\"inLanguage\":\"pt-BR\",\"potentialAction\":[{\"@type\":\"CommentAction\",\"name\":\"Comment\",\"target\":[\"https:\\\/\\\/autoescolaveneza.com\\\/index.php\\\/2018\\\/09\\\/26\\\/faixa-exclusiva-para-onibus-em-ribeirao-preto\\\/#respond\"]}]},{\"@type\":\"WebPage\",\"@id\":\"https:\\\/\\\/autoescolaveneza.com\\\/index.php\\\/2018\\\/09\\\/26\\\/faixa-exclusiva-para-onibus-em-ribeirao-preto\\\/\",\"url\":\"https:\\\/\\\/autoescolaveneza.com\\\/index.php\\\/2018\\\/09\\\/26\\\/faixa-exclusiva-para-onibus-em-ribeirao-preto\\\/\",\"name\":\"Faixa exclusiva para \u00f4nibus em Ribeir\u00e3o Preto - Autoescola Veneza em Ribeir\u00e3o Preto - SP\",\"isPartOf\":{\"@id\":\"https:\\\/\\\/autoescolaveneza.com\\\/#website\"},\"primaryImageOfPage\":{\"@id\":\"https:\\\/\\\/autoescolaveneza.com\\\/index.php\\\/2018\\\/09\\\/26\\\/faixa-exclusiva-para-onibus-em-ribeirao-preto\\\/#primaryimage\"},\"image\":{\"@id\":\"https:\\\/\\\/autoescolaveneza.com\\\/index.php\\\/2018\\\/09\\\/26\\\/faixa-exclusiva-para-onibus-em-ribeirao-preto\\\/#primaryimage\"},\"thumbnailUrl\":\"https:\\\/\\\/autoescolaveneza.com\\\/wp-content\\\/uploads\\\/2018\\\/09\\\/Faixa-exclusiva.jpg\",\"datePublished\":\"2018-09-27T02:16:25+00:00\",\"dateModified\":\"2019-05-30T02:22:07+00:00\",\"description\":\"Saiba mais sobre a faixa exclusiva para \u00f4nibus em Ribeir\u00e3o Preto, na Rua Amercio Brasiliense, entre a Rua Jos\u00e9 Bonifacio e Rua Visconde de Inhauma.\",\"breadcrumb\":{\"@id\":\"https:\\\/\\\/autoescolaveneza.com\\\/index.php\\\/2018\\\/09\\\/26\\\/faixa-exclusiva-para-onibus-em-ribeirao-preto\\\/#breadcrumb\"},\"inLanguage\":\"pt-BR\",\"potentialAction\":[{\"@type\":\"ReadAction\",\"target\":[\"https:\\\/\\\/autoescolaveneza.com\\\/index.php\\\/2018\\\/09\\\/26\\\/faixa-exclusiva-para-onibus-em-ribeirao-preto\\\/\"]}]},{\"@type\":\"ImageObject\",\"inLanguage\":\"pt-BR\",\"@id\":\"https:\\\/\\\/autoescolaveneza.com\\\/index.php\\\/2018\\\/09\\\/26\\\/faixa-exclusiva-para-onibus-em-ribeirao-preto\\\/#primaryimage\",\"url\":\"https:\\\/\\\/autoescolaveneza.com\\\/wp-content\\\/uploads\\\/2018\\\/09\\\/Faixa-exclusiva.jpg\",\"contentUrl\":\"https:\\\/\\\/autoescolaveneza.com\\\/wp-content\\\/uploads\\\/2018\\\/09\\\/Faixa-exclusiva.jpg\",\"width\":310,\"height\":200},{\"@type\":\"BreadcrumbList\",\"@id\":\"https:\\\/\\\/autoescolaveneza.com\\\/index.php\\\/2018\\\/09\\\/26\\\/faixa-exclusiva-para-onibus-em-ribeirao-preto\\\/#breadcrumb\",\"itemListElement\":[{\"@type\":\"ListItem\",\"position\":1,\"name\":\"In\u00edcio\",\"item\":\"https:\\\/\\\/autoescolaveneza.com\\\/\"},{\"@type\":\"ListItem\",\"position\":2,\"name\":\"Faixa exclusiva para \u00f4nibus em Ribeir\u00e3o Preto\"}]},{\"@type\":\"WebSite\",\"@id\":\"https:\\\/\\\/autoescolaveneza.com\\\/#website\",\"url\":\"https:\\\/\\\/autoescolaveneza.com\\\/\",\"name\":\"Autoescola Veneza em Ribeir\u00e3o Preto - SP\",\"description\":\"Autoescola Veneza em Ribeir\u00e3o Preto!\",\"publisher\":{\"@id\":\"https:\\\/\\\/autoescolaveneza.com\\\/#organization\"},\"potentialAction\":[{\"@type\":\"SearchAction\",\"target\":{\"@type\":\"EntryPoint\",\"urlTemplate\":\"https:\\\/\\\/autoescolaveneza.com\\\/?s={search_term_string}\"},\"query-input\":{\"@type\":\"PropertyValueSpecification\",\"valueRequired\":true,\"valueName\":\"search_term_string\"}}],\"inLanguage\":\"pt-BR\"},{\"@type\":\"Organization\",\"@id\":\"https:\\\/\\\/autoescolaveneza.com\\\/#organization\",\"name\":\"Autoescola Veneza em Ribeir\u00e3o Preto\",\"url\":\"https:\\\/\\\/autoescolaveneza.com\\\/\",\"logo\":{\"@type\":\"ImageObject\",\"inLanguage\":\"pt-BR\",\"@id\":\"https:\\\/\\\/autoescolaveneza.com\\\/#\\\/schema\\\/logo\\\/image\\\/\",\"url\":\"https:\\\/\\\/autoescolaveneza.com\\\/wp-content\\\/uploads\\\/2018\\\/07\\\/Logo-site-header-e1534345976454.png\",\"contentUrl\":\"https:\\\/\\\/autoescolaveneza.com\\\/wp-content\\\/uploads\\\/2018\\\/07\\\/Logo-site-header-e1534345976454.png\",\"width\":400,\"height\":203,\"caption\":\"Autoescola Veneza em Ribeir\u00e3o Preto\"},\"image\":{\"@id\":\"https:\\\/\\\/autoescolaveneza.com\\\/#\\\/schema\\\/logo\\\/image\\\/\"},\"sameAs\":[\"https:\\\/\\\/www.facebook.com\\\/Autoescolaedespachanteveneza\\\/\",\"https:\\\/\\\/www.instagram.com\\\/aeveneza\\\/\"]},{\"@type\":\"Person\",\"@id\":\"https:\\\/\\\/autoescolaveneza.com\\\/#\\\/schema\\\/person\\\/86b914d7104a48bc85c1b484d222b1a1\",\"name\":\"ivan.silva7\",\"image\":{\"@type\":\"ImageObject\",\"inLanguage\":\"pt-BR\",\"@id\":\"https:\\\/\\\/secure.gravatar.com\\\/avatar\\\/22a12bb25e9a05e45a613c72c64269d13964d797f95e1963dc1c5d24918dbe1a?s=96&d=mm&r=g\",\"url\":\"https:\\\/\\\/secure.gravatar.com\\\/avatar\\\/22a12bb25e9a05e45a613c72c64269d13964d797f95e1963dc1c5d24918dbe1a?s=96&d=mm&r=g\",\"contentUrl\":\"https:\\\/\\\/secure.gravatar.com\\\/avatar\\\/22a12bb25e9a05e45a613c72c64269d13964d797f95e1963dc1c5d24918dbe1a?s=96&d=mm&r=g\",\"caption\":\"ivan.silva7\"}}]}<\/script>\n<!-- \/ Yoast SEO plugin. -->","yoast_head_json":{"title":"Faixa exclusiva para \u00f4nibus em Ribeir\u00e3o Preto - Autoescola Veneza em Ribeir\u00e3o Preto - SP","description":"Saiba mais sobre a faixa exclusiva para \u00f4nibus em Ribeir\u00e3o Preto, na Rua Amercio Brasiliense, entre a Rua Jos\u00e9 Bonifacio e Rua Visconde de Inhauma.","robots":{"index":"index","follow":"follow","max-snippet":"max-snippet:-1","max-image-preview":"max-image-preview:large","max-video-preview":"max-video-preview:-1"},"canonical":"https:\/\/autoescolaveneza.com\/index.php\/2018\/09\/26\/faixa-exclusiva-para-onibus-em-ribeirao-preto\/","og_locale":"pt_BR","og_type":"article","og_title":"Faixa exclusiva para \u00f4nibus em Ribeir\u00e3o Preto - Autoescola Veneza em Ribeir\u00e3o Preto - SP","og_description":"Saiba mais sobre a faixa exclusiva para \u00f4nibus em Ribeir\u00e3o Preto, na Rua Amercio Brasiliense, entre a Rua Jos\u00e9 Bonifacio e Rua Visconde de Inhauma.","og_url":"https:\/\/autoescolaveneza.com\/index.php\/2018\/09\/26\/faixa-exclusiva-para-onibus-em-ribeirao-preto\/","og_site_name":"Autoescola Veneza em Ribeir\u00e3o Preto - SP","article_publisher":"https:\/\/www.facebook.com\/Autoescolaedespachanteveneza\/","article_published_time":"2018-09-27T02:16:25+00:00","article_modified_time":"2019-05-30T02:22:07+00:00","og_image":[{"width":310,"height":200,"url":"https:\/\/autoescolaveneza.com\/wp-content\/uploads\/2018\/09\/Faixa-exclusiva.jpg","type":"image\/jpeg"}],"author":"ivan.silva7","twitter_card":"summary_large_image","twitter_misc":{"Escrito por":"ivan.silva7","Est. tempo de leitura":"2 minutos"},"schema":{"@context":"https:\/\/schema.org","@graph":[{"@type":"Article","@id":"https:\/\/autoescolaveneza.com\/index.php\/2018\/09\/26\/faixa-exclusiva-para-onibus-em-ribeirao-preto\/#article","isPartOf":{"@id":"https:\/\/autoescolaveneza.com\/index.php\/2018\/09\/26\/faixa-exclusiva-para-onibus-em-ribeirao-preto\/"},"author":{"name":"ivan.silva7","@id":"https:\/\/autoescolaveneza.com\/#\/schema\/person\/86b914d7104a48bc85c1b484d222b1a1"},"headline":"Faixa exclusiva para \u00f4nibus em Ribeir\u00e3o Preto","datePublished":"2018-09-27T02:16:25+00:00","dateModified":"2019-05-30T02:22:07+00:00","mainEntityOfPage":{"@id":"https:\/\/autoescolaveneza.com\/index.php\/2018\/09\/26\/faixa-exclusiva-para-onibus-em-ribeirao-preto\/"},"wordCount":484,"commentCount":0,"publisher":{"@id":"https:\/\/autoescolaveneza.com\/#organization"},"image":{"@id":"https:\/\/autoescolaveneza.com\/index.php\/2018\/09\/26\/faixa-exclusiva-para-onibus-em-ribeirao-preto\/#primaryimage"},"thumbnailUrl":"https:\/\/autoescolaveneza.com\/wp-content\/uploads\/2018\/09\/Faixa-exclusiva.jpg","articleSection":["Noticias"],"inLanguage":"pt-BR","potentialAction":[{"@type":"CommentAction","name":"Comment","target":["https:\/\/autoescolaveneza.com\/index.php\/2018\/09\/26\/faixa-exclusiva-para-onibus-em-ribeirao-preto\/#respond"]}]},{"@type":"WebPage","@id":"https:\/\/autoescolaveneza.com\/index.php\/2018\/09\/26\/faixa-exclusiva-para-onibus-em-ribeirao-preto\/","url":"https:\/\/autoescolaveneza.com\/index.php\/2018\/09\/26\/faixa-exclusiva-para-onibus-em-ribeirao-preto\/","name":"Faixa exclusiva para \u00f4nibus em Ribeir\u00e3o Preto - Autoescola Veneza em Ribeir\u00e3o Preto - SP","isPartOf":{"@id":"https:\/\/autoescolaveneza.com\/#website"},"primaryImageOfPage":{"@id":"https:\/\/autoescolaveneza.com\/index.php\/2018\/09\/26\/faixa-exclusiva-para-onibus-em-ribeirao-preto\/#primaryimage"},"image":{"@id":"https:\/\/autoescolaveneza.com\/index.php\/2018\/09\/26\/faixa-exclusiva-para-onibus-em-ribeirao-preto\/#primaryimage"},"thumbnailUrl":"https:\/\/autoescolaveneza.com\/wp-content\/uploads\/2018\/09\/Faixa-exclusiva.jpg","datePublished":"2018-09-27T02:16:25+00:00","dateModified":"2019-05-30T02:22:07+00:00","description":"Saiba mais sobre a faixa exclusiva para \u00f4nibus em Ribeir\u00e3o Preto, na Rua Amercio Brasiliense, entre a Rua Jos\u00e9 Bonifacio e Rua Visconde de Inhauma.","breadcrumb":{"@id":"https:\/\/autoescolaveneza.com\/index.php\/2018\/09\/26\/faixa-exclusiva-para-onibus-em-ribeirao-preto\/#breadcrumb"},"inLanguage":"pt-BR","potentialAction":[{"@type":"ReadAction","target":["https:\/\/autoescolaveneza.com\/index.php\/2018\/09\/26\/faixa-exclusiva-para-onibus-em-ribeirao-preto\/"]}]},{"@type":"ImageObject","inLanguage":"pt-BR","@id":"https:\/\/autoescolaveneza.com\/index.php\/2018\/09\/26\/faixa-exclusiva-para-onibus-em-ribeirao-preto\/#primaryimage","url":"https:\/\/autoescolaveneza.com\/wp-content\/uploads\/2018\/09\/Faixa-exclusiva.jpg","contentUrl":"https:\/\/autoescolaveneza.com\/wp-content\/uploads\/2018\/09\/Faixa-exclusiva.jpg","width":310,"height":200},{"@type":"BreadcrumbList","@id":"https:\/\/autoescolaveneza.com\/index.php\/2018\/09\/26\/faixa-exclusiva-para-onibus-em-ribeirao-preto\/#breadcrumb","itemListElement":[{"@type":"ListItem","position":1,"name":"In\u00edcio","item":"https:\/\/autoescolaveneza.com\/"},{"@type":"ListItem","position":2,"name":"Faixa exclusiva para \u00f4nibus em Ribeir\u00e3o Preto"}]},{"@type":"WebSite","@id":"https:\/\/autoescolaveneza.com\/#website","url":"https:\/\/autoescolaveneza.com\/","name":"Autoescola Veneza em Ribeir\u00e3o Preto - SP","description":"Autoescola Veneza em Ribeir\u00e3o Preto!","publisher":{"@id":"https:\/\/autoescolaveneza.com\/#organization"},"potentialAction":[{"@type":"SearchAction","target":{"@type":"EntryPoint","urlTemplate":"https:\/\/autoescolaveneza.com\/?s={search_term_string}"},"query-input":{"@type":"PropertyValueSpecification","valueRequired":true,"valueName":"search_term_string"}}],"inLanguage":"pt-BR"},{"@type":"Organization","@id":"https:\/\/autoescolaveneza.com\/#organization","name":"Autoescola Veneza em Ribeir\u00e3o Preto","url":"https:\/\/autoescolaveneza.com\/","logo":{"@type":"ImageObject","inLanguage":"pt-BR","@id":"https:\/\/autoescolaveneza.com\/#\/schema\/logo\/image\/","url":"https:\/\/autoescolaveneza.com\/wp-content\/uploads\/2018\/07\/Logo-site-header-e1534345976454.png","contentUrl":"https:\/\/autoescolaveneza.com\/wp-content\/uploads\/2018\/07\/Logo-site-header-e1534345976454.png","width":400,"height":203,"caption":"Autoescola Veneza em Ribeir\u00e3o Preto"},"image":{"@id":"https:\/\/autoescolaveneza.com\/#\/schema\/logo\/image\/"},"sameAs":["https:\/\/www.facebook.com\/Autoescolaedespachanteveneza\/","https:\/\/www.instagram.com\/aeveneza\/"]},{"@type":"Person","@id":"https:\/\/autoescolaveneza.com\/#\/schema\/person\/86b914d7104a48bc85c1b484d222b1a1","name":"ivan.silva7","image":{"@type":"ImageObject","inLanguage":"pt-BR","@id":"https:\/\/secure.gravatar.com\/avatar\/22a12bb25e9a05e45a613c72c64269d13964d797f95e1963dc1c5d24918dbe1a?s=96&d=mm&r=g","url":"https:\/\/secure.gravatar.com\/avatar\/22a12bb25e9a05e45a613c72c64269d13964d797f95e1963dc1c5d24918dbe1a?s=96&d=mm&r=g","contentUrl":"https:\/\/secure.gravatar.com\/avatar\/22a12bb25e9a05e45a613c72c64269d13964d797f95e1963dc1c5d24918dbe1a?s=96&d=mm&r=g","caption":"ivan.silva7"}}]}},"_links":{"self":[{"href":"https:\/\/autoescolaveneza.com\/index.php\/wp-json\/wp\/v2\/posts\/975","targetHints":{"allow":["GET"]}}],"collection":[{"href":"https:\/\/autoescolaveneza.com\/index.php\/wp-json\/wp\/v2\/posts"}],"about":[{"href":"https:\/\/autoescolaveneza.com\/index.php\/wp-json\/wp\/v2\/types\/post"}],"author":[{"embeddable":true,"href":"https:\/\/autoescolaveneza.com\/index.php\/wp-json\/wp\/v2\/users\/1"}],"replies":[{"embeddable":true,"href":"https:\/\/autoescolaveneza.com\/index.php\/wp-json\/wp\/v2\/comments?post=975"}],"version-history":[{"count":0,"href":"https:\/\/autoescolaveneza.com\/index.php\/wp-json\/wp\/v2\/posts\/975\/revisions"}],"wp:featuredmedia":[{"embeddable":true,"href":"https:\/\/autoescolaveneza.com\/index.php\/wp-json\/wp\/v2\/media\/978"}],"wp:attachment":[{"href":"https:\/\/autoescolaveneza.com\/index.php\/wp-json\/wp\/v2\/media?parent=975"}],"wp:term":[{"taxonomy":"category","embeddable":true,"href":"https:\/\/autoescolaveneza.com\/index.php\/wp-json\/wp\/v2\/categories?post=975"},{"taxonomy":"post_tag","embeddable":true,"href":"https:\/\/autoescolaveneza.com\/index.php\/wp-json\/wp\/v2\/tags?post=975"}],"curies":[{"name":"wp","href":"https:\/\/api.w.org\/{rel}","templated":true}]}}